{"id":2574,"date":"2025-06-24T17:09:21","date_gmt":"2025-06-24T15:09:21","guid":{"rendered":"https:\/\/www.ilcambiamento.org\/wordpress\/?p=2574"},"modified":"2025-09-27T14:46:19","modified_gmt":"2025-09-27T12:46:19","slug":"problema-viabilita-di-tombolo-ed-onara-urgenti-le-circonvallazioni-sud-est-di-cittadella-e-di-onara","status":"publish","type":"post","link":"https:\/\/www.ilcambiamento.org\/wordpress\/problema-viabilita-di-tombolo-ed-onara-urgenti-le-circonvallazioni-sud-est-di-cittadella-e-di-onara\/","title":{"rendered":"Problema viabilit\u00e0 di Tombolo ed Onara: urgenti le circonvallazioni sud-est di Cittadella e di Onara"},"content":{"rendered":"\n<p class=\"wp-block-paragraph\">La Civica IL CAMBIAMENTO ha presentato formalmente per il Consiglio Comunale di Tombolo una &#8220;mozione&#8221; sul problema viabilit\u00e0, sui progetti che erano stati studiati e finanziati, le cui risorse economiche sono sparite dal bilancio della Regione Veneto&#8230; Il nostro Gruppo, come potete leggere, \u00e8 disponibile a far diventare unitaria la mozione ed \u00e8 quindi disponibile a modifiche ed integrazioni purch\u00e9 diventi una mozione di tutto il Consiglio Comunale. <\/p>\n\n\n\n<p class=\"wp-block-paragraph\">CLICCA QUI SOTTO SU DOWNLOAD SE VUOI LEGGERE LA MOZIONE BASATA SU DOCUMENTI UFFICIALI &#8211; A SEGUIRE GLI ARTICOLI USCITI SUI QUOTIDIANI LOCALI<\/p>\n\n\n\n<div data-wp-interactive=\"core\/file\" class=\"wp-block-file\"><object data-wp-bind--hidden=\"!state.hasPdfPreview\" hidden class=\"wp-block-file__embed\" data=\"https:\/\/www.ilcambiamento.org\/wordpress\/wp-content\/uploads\/2025\/06\/PRESENTAZIONE-MOZIONE.pdf\" type=\"application\/pdf\" style=\"width:100%;height:600px\" aria-label=\"Incorporamento di PRESENTAZIONE MOZIONE.\"><\/object><a id=\"wp-block-file--media-1df52df6-d537-47f9-9691-a8e227cffe74\" href=\"https:\/\/www.ilcambiamento.org\/wordpress\/wp-content\/uploads\/2025\/06\/PRESENTAZIONE-MOZIONE.pdf\">PRESENTAZIONE MOZIONE<\/a><a href=\"https:\/\/www.ilcambiamento.org\/wordpress\/wp-content\/uploads\/2025\/06\/PRESENTAZIONE-MOZIONE.pdf\" class=\"wp-block-file__button wp-element-button\" download aria-describedby=\"wp-block-file--media-1df52df6-d537-47f9-9691-a8e227cffe74\">Download<\/a><\/div>\n\n\n\n<figure class=\"wp-block-gallery has-nested-images columns-default is-cropped wp-block-gallery-1 is-layout-flex wp-block-gallery-is-layout-flex\">\n<figure class=\"wp-block-image size-large\"><img data-recalc-dims=\"1\" loading=\"lazy\" decoding=\"async\" width=\"740\" height=\"643\" data-id=\"2576\" src=\"https:\/\/i0.wp.com\/www.ilcambiamento.org\/wordpress\/wp-content\/uploads\/2025\/06\/Schermata-2025-06-24-alle-16.54.37.png?resize=740%2C643&#038;ssl=1\" alt=\"Il Mattino di Padova 24 giugno 2025 - Circonvallazione Sud-est di Cittadella e Circonvallazione di Onara\" class=\"wp-image-2576\" srcset=\"https:\/\/i0.wp.com\/www.ilcambiamento.org\/wordpress\/wp-content\/uploads\/2025\/06\/Schermata-2025-06-24-alle-16.54.37.png?resize=1024%2C890&amp;ssl=1 1024w, https:\/\/i0.wp.com\/www.ilcambiamento.org\/wordpress\/wp-content\/uploads\/2025\/06\/Schermata-2025-06-24-alle-16.54.37.png?resize=300%2C261&amp;ssl=1 300w, https:\/\/i0.wp.com\/www.ilcambiamento.org\/wordpress\/wp-content\/uploads\/2025\/06\/Schermata-2025-06-24-alle-16.54.37.png?resize=768%2C668&amp;ssl=1 768w, https:\/\/i0.wp.com\/www.ilcambiamento.org\/wordpress\/wp-content\/uploads\/2025\/06\/Schermata-2025-06-24-alle-16.54.37.png?resize=240%2C209&amp;ssl=1 240w, https:\/\/i0.wp.com\/www.ilcambiamento.org\/wordpress\/wp-content\/uploads\/2025\/06\/Schermata-2025-06-24-alle-16.54.37.png?resize=1320%2C1147&amp;ssl=1 1320w, https:\/\/i0.wp.com\/www.ilcambiamento.org\/wordpress\/wp-content\/uploads\/2025\/06\/Schermata-2025-06-24-alle-16.54.37.png?w=1529&amp;ssl=1 1529w\" sizes=\"auto, (max-width: 740px) 100vw, 740px\" \/><\/figure>\n<\/figure>\n\n\n\n<figure class=\"wp-block-image size-large\"><img data-recalc-dims=\"1\" loading=\"lazy\" decoding=\"async\" width=\"486\" height=\"1024\" src=\"https:\/\/i0.wp.com\/www.ilcambiamento.org\/wordpress\/wp-content\/uploads\/2025\/06\/Schermata-2025-06-24-alle-16.53.49.png?resize=486%2C1024&#038;ssl=1\" alt=\"il Gazzettino di Padova del 24 giugno 2025 - Circonvallazione Sud-Est di Cittadella e Circonvallazione di Onara\n\" class=\"wp-image-2577\" srcset=\"https:\/\/i0.wp.com\/www.ilcambiamento.org\/wordpress\/wp-content\/uploads\/2025\/06\/Schermata-2025-06-24-alle-16.53.49.png?resize=486%2C1024&amp;ssl=1 486w, https:\/\/i0.wp.com\/www.ilcambiamento.org\/wordpress\/wp-content\/uploads\/2025\/06\/Schermata-2025-06-24-alle-16.53.49.png?resize=142%2C300&amp;ssl=1 142w, https:\/\/i0.wp.com\/www.ilcambiamento.org\/wordpress\/wp-content\/uploads\/2025\/06\/Schermata-2025-06-24-alle-16.53.49.png?resize=114%2C240&amp;ssl=1 114w, https:\/\/i0.wp.com\/www.ilcambiamento.org\/wordpress\/wp-content\/uploads\/2025\/06\/Schermata-2025-06-24-alle-16.53.49.png?w=681&amp;ssl=1 681w\" sizes=\"auto, (max-width: 486px) 100vw, 486px\" \/><\/figure>\n\n\n\n<figure class=\"wp-block-image size-large\"><img data-recalc-dims=\"1\" loading=\"lazy\" decoding=\"async\" width=\"740\" height=\"1010\" src=\"https:\/\/i0.wp.com\/www.ilcambiamento.org\/wordpress\/wp-content\/uploads\/2025\/06\/Schermata-2025-06-24-alle-16.59.02.png?resize=740%2C1010&#038;ssl=1\" alt=\"\" class=\"wp-image-2578\" srcset=\"https:\/\/i0.wp.com\/www.ilcambiamento.org\/wordpress\/wp-content\/uploads\/2025\/06\/Schermata-2025-06-24-alle-16.59.02.png?resize=750%2C1024&amp;ssl=1 750w, https:\/\/i0.wp.com\/www.ilcambiamento.org\/wordpress\/wp-content\/uploads\/2025\/06\/Schermata-2025-06-24-alle-16.59.02.png?resize=220%2C300&amp;ssl=1 220w, https:\/\/i0.wp.com\/www.ilcambiamento.org\/wordpress\/wp-content\/uploads\/2025\/06\/Schermata-2025-06-24-alle-16.59.02.png?resize=768%2C1049&amp;ssl=1 768w, https:\/\/i0.wp.com\/www.ilcambiamento.org\/wordpress\/wp-content\/uploads\/2025\/06\/Schermata-2025-06-24-alle-16.59.02.png?resize=176%2C240&amp;ssl=1 176w, https:\/\/i0.wp.com\/www.ilcambiamento.org\/wordpress\/wp-content\/uploads\/2025\/06\/Schermata-2025-06-24-alle-16.59.02.png?w=888&amp;ssl=1 888w\" sizes=\"auto, (max-width: 740px) 100vw, 740px\" \/><\/figure>\n\n\n\n<figure class=\"wp-block-image size-large\"><img data-recalc-dims=\"1\" loading=\"lazy\" decoding=\"async\" width=\"740\" height=\"1020\" src=\"https:\/\/i0.wp.com\/www.ilcambiamento.org\/wordpress\/wp-content\/uploads\/2025\/06\/Schermata-2025-06-24-alle-16.59.40.png?resize=740%2C1020&#038;ssl=1\" alt=\"\" class=\"wp-image-2579\" srcset=\"https:\/\/i0.wp.com\/www.ilcambiamento.org\/wordpress\/wp-content\/uploads\/2025\/06\/Schermata-2025-06-24-alle-16.59.40.png?resize=743%2C1024&amp;ssl=1 743w, https:\/\/i0.wp.com\/www.ilcambiamento.org\/wordpress\/wp-content\/uploads\/2025\/06\/Schermata-2025-06-24-alle-16.59.40.png?resize=218%2C300&amp;ssl=1 218w, https:\/\/i0.wp.com\/www.ilcambiamento.org\/wordpress\/wp-content\/uploads\/2025\/06\/Schermata-2025-06-24-alle-16.59.40.png?resize=768%2C1059&amp;ssl=1 768w, https:\/\/i0.wp.com\/www.ilcambiamento.org\/wordpress\/wp-content\/uploads\/2025\/06\/Schermata-2025-06-24-alle-16.59.40.png?resize=174%2C240&amp;ssl=1 174w, https:\/\/i0.wp.com\/www.ilcambiamento.org\/wordpress\/wp-content\/uploads\/2025\/06\/Schermata-2025-06-24-alle-16.59.40.png?w=872&amp;ssl=1 872w\" sizes=\"auto, (max-width: 740px) 100vw, 740px\" \/><\/figure>\n\n\n\n<figure class=\"wp-block-image size-large\"><img data-recalc-dims=\"1\" loading=\"lazy\" decoding=\"async\" width=\"731\" height=\"1024\" src=\"https:\/\/i0.wp.com\/www.ilcambiamento.org\/wordpress\/wp-content\/uploads\/2025\/06\/Schermata-2025-06-24-alle-16.59.47.png?resize=731%2C1024&#038;ssl=1\" alt=\"\" class=\"wp-image-2580\" srcset=\"https:\/\/i0.wp.com\/www.ilcambiamento.org\/wordpress\/wp-content\/uploads\/2025\/06\/Schermata-2025-06-24-alle-16.59.47.png?resize=731%2C1024&amp;ssl=1 731w, https:\/\/i0.wp.com\/www.ilcambiamento.org\/wordpress\/wp-content\/uploads\/2025\/06\/Schermata-2025-06-24-alle-16.59.47.png?resize=214%2C300&amp;ssl=1 214w, https:\/\/i0.wp.com\/www.ilcambiamento.org\/wordpress\/wp-content\/uploads\/2025\/06\/Schermata-2025-06-24-alle-16.59.47.png?resize=768%2C1076&amp;ssl=1 768w, https:\/\/i0.wp.com\/www.ilcambiamento.org\/wordpress\/wp-content\/uploads\/2025\/06\/Schermata-2025-06-24-alle-16.59.47.png?resize=171%2C240&amp;ssl=1 171w, https:\/\/i0.wp.com\/www.ilcambiamento.org\/wordpress\/wp-content\/uploads\/2025\/06\/Schermata-2025-06-24-alle-16.59.47.png?w=864&amp;ssl=1 864w\" sizes=\"auto, (max-width: 731px) 100vw, 731px\" \/><\/figure>\n\n\n\n<figure class=\"wp-block-image size-large\"><img data-recalc-dims=\"1\" loading=\"lazy\" decoding=\"async\" width=\"740\" height=\"1024\" src=\"https:\/\/i0.wp.com\/www.ilcambiamento.org\/wordpress\/wp-content\/uploads\/2025\/06\/Schermata-2025-06-24-alle-16.59.55.png?resize=740%2C1024&#038;ssl=1\" alt=\"\" class=\"wp-image-2581\" srcset=\"https:\/\/i0.wp.com\/www.ilcambiamento.org\/wordpress\/wp-content\/uploads\/2025\/06\/Schermata-2025-06-24-alle-16.59.55.png?resize=740%2C1024&amp;ssl=1 740w, https:\/\/i0.wp.com\/www.ilcambiamento.org\/wordpress\/wp-content\/uploads\/2025\/06\/Schermata-2025-06-24-alle-16.59.55.png?resize=217%2C300&amp;ssl=1 217w, https:\/\/i0.wp.com\/www.ilcambiamento.org\/wordpress\/wp-content\/uploads\/2025\/06\/Schermata-2025-06-24-alle-16.59.55.png?resize=768%2C1063&amp;ssl=1 768w, https:\/\/i0.wp.com\/www.ilcambiamento.org\/wordpress\/wp-content\/uploads\/2025\/06\/Schermata-2025-06-24-alle-16.59.55.png?resize=173%2C240&amp;ssl=1 173w, https:\/\/i0.wp.com\/www.ilcambiamento.org\/wordpress\/wp-content\/uploads\/2025\/06\/Schermata-2025-06-24-alle-16.59.55.png?w=874&amp;ssl=1 874w\" sizes=\"auto, (max-width: 740px) 100vw, 740px\" \/><\/figure>\n\n\n\n<figure class=\"wp-block-image size-large\"><img data-recalc-dims=\"1\" loading=\"lazy\" decoding=\"async\" width=\"734\" height=\"1024\" src=\"https:\/\/i0.wp.com\/www.ilcambiamento.org\/wordpress\/wp-content\/uploads\/2025\/06\/Schermata-2025-06-24-alle-17.00.02.png?resize=734%2C1024&#038;ssl=1\" alt=\"\" class=\"wp-image-2582\" srcset=\"https:\/\/i0.wp.com\/www.ilcambiamento.org\/wordpress\/wp-content\/uploads\/2025\/06\/Schermata-2025-06-24-alle-17.00.02.png?resize=734%2C1024&amp;ssl=1 734w, https:\/\/i0.wp.com\/www.ilcambiamento.org\/wordpress\/wp-content\/uploads\/2025\/06\/Schermata-2025-06-24-alle-17.00.02.png?resize=215%2C300&amp;ssl=1 215w, https:\/\/i0.wp.com\/www.ilcambiamento.org\/wordpress\/wp-content\/uploads\/2025\/06\/Schermata-2025-06-24-alle-17.00.02.png?resize=768%2C1072&amp;ssl=1 768w, https:\/\/i0.wp.com\/www.ilcambiamento.org\/wordpress\/wp-content\/uploads\/2025\/06\/Schermata-2025-06-24-alle-17.00.02.png?resize=172%2C240&amp;ssl=1 172w, https:\/\/i0.wp.com\/www.ilcambiamento.org\/wordpress\/wp-content\/uploads\/2025\/06\/Schermata-2025-06-24-alle-17.00.02.png?w=857&amp;ssl=1 857w\" sizes=\"auto, (max-width: 734px) 100vw, 734px\" \/><\/figure>\n\n\n\n<figure class=\"wp-block-image size-large\"><img data-recalc-dims=\"1\" loading=\"lazy\" decoding=\"async\" width=\"732\" height=\"1024\" src=\"https:\/\/i0.wp.com\/www.ilcambiamento.org\/wordpress\/wp-content\/uploads\/2025\/06\/Schermata-2025-06-24-alle-17.00.18.png?resize=732%2C1024&#038;ssl=1\" alt=\"\" class=\"wp-image-2583\" srcset=\"https:\/\/i0.wp.com\/www.ilcambiamento.org\/wordpress\/wp-content\/uploads\/2025\/06\/Schermata-2025-06-24-alle-17.00.18.png?resize=732%2C1024&amp;ssl=1 732w, https:\/\/i0.wp.com\/www.ilcambiamento.org\/wordpress\/wp-content\/uploads\/2025\/06\/Schermata-2025-06-24-alle-17.00.18.png?resize=215%2C300&amp;ssl=1 215w, https:\/\/i0.wp.com\/www.ilcambiamento.org\/wordpress\/wp-content\/uploads\/2025\/06\/Schermata-2025-06-24-alle-17.00.18.png?resize=768%2C1074&amp;ssl=1 768w, https:\/\/i0.wp.com\/www.ilcambiamento.org\/wordpress\/wp-content\/uploads\/2025\/06\/Schermata-2025-06-24-alle-17.00.18.png?resize=172%2C240&amp;ssl=1 172w, https:\/\/i0.wp.com\/www.ilcambiamento.org\/wordpress\/wp-content\/uploads\/2025\/06\/Schermata-2025-06-24-alle-17.00.18.png?w=874&amp;ssl=1 874w\" sizes=\"auto, (max-width: 732px) 100vw, 732px\" \/><\/figure>\n","protected":false},"excerpt":{"rendered":"<p>La Civica IL CAMBIAMENTO ha presentato formalmente per il Consiglio Comunale di Tombolo una &#8220;mozione&#8221; sul problema [&hellip;]<\/p>\n","protected":false},"author":6,"featured_media":2578,"comment_status":"closed","ping_status":"closed","sticky":false,"template":"","format":"standard","meta":{"_acf_changed":false,"om_disable_all_campaigns":false,"_monsterinsights_skip_tracking":false,"_uf_show_specific_survey":0,"_uf_disable_surveys":false,"ngg_post_thumbnail":0,"jetpack_post_was_ever_published":false,"_jetpack_newsletter_access":"","_jetpack_dont_email_post_to_subs":false,"_jetpack_newsletter_tier_id":0,"_jetpack_memberships_contains_paywalled_content":false,"_jetpack_memberships_contains_paid_content":false,"footnotes":"","jetpack_publicize_message":"","jetpack_publicize_feature_enabled":true,"jetpack_social_post_already_shared":true,"jetpack_social_options":{"image_generator_settings":{"template":"highway","default_image_id":0,"font":"","enabled":false},"version":2}},"categories":[6],"tags":[],"class_list":["post-2574","post","type-post","status-publish","format-standard","has-post-thumbnail","hentry","category-home"],"acf":[],"aioseo_notices":[],"aioseo_head":"\n\t\t<!-- All in One SEO 5.0.1.1 - aioseo.com -->\n\t<meta name=\"description\" content=\"La Civica IL CAMBIAMENTO ha presentato formalmente per il Consiglio Comunale di Tombolo una &quot;mozione&quot; sul problema viabilit\u00e0, sui progetti che erano stati studiati e finanziati, le cui risorse economiche sono sparite dal bilancio della Regione Veneto... Il nostro Gruppo, come potete leggere, \u00e8 disponibile a far diventare unitaria la mozione ed \u00e8 quindi disponibile\" \/>\n\t<meta name=\"robots\" content=\"max-image-preview:large\" \/>\n\t<meta name=\"author\" content=\"cambiamento\"\/>\n\t<link rel=\"canonical\" href=\"https:\/\/www.ilcambiamento.org\/wordpress\/problema-viabilita-di-tombolo-ed-onara-urgenti-le-circonvallazioni-sud-est-di-cittadella-e-di-onara\/\" \/>\n\t<meta name=\"generator\" content=\"All in One SEO (AIOSEO) 5.0.1.1\" \/>\n\t\t<meta property=\"og:locale\" content=\"it_IT\" \/>\n\t\t<meta property=\"og:site_name\" content=\"CIVICA IL CAMBIAMENTO - Comune di Tombolo (PD) - Una vera lista CIVICA per cambiare in meglio Tombolo ed Onara ...\" \/>\n\t\t<meta property=\"og:type\" content=\"article\" \/>\n\t\t<meta property=\"og:title\" content=\"Problema viabilit\u00e0 di Tombolo ed Onara: urgenti le circonvallazioni sud-est di Cittadella e di Onara - CIVICA IL CAMBIAMENTO - Comune di Tombolo (PD)\" \/>\n\t\t<meta property=\"og:description\" content=\"La Civica IL CAMBIAMENTO ha presentato formalmente per il Consiglio Comunale di Tombolo una &quot;mozione&quot; sul problema viabilit\u00e0, sui progetti che erano stati studiati e finanziati, le cui risorse economiche sono sparite dal bilancio della Regione Veneto... Il nostro Gruppo, come potete leggere, \u00e8 disponibile a far diventare unitaria la mozione ed \u00e8 quindi disponibile\" \/>\n\t\t<meta property=\"og:url\" content=\"https:\/\/www.ilcambiamento.org\/wordpress\/problema-viabilita-di-tombolo-ed-onara-urgenti-le-circonvallazioni-sud-est-di-cittadella-e-di-onara\/\" \/>\n\t\t<meta property=\"og:image\" content=\"https:\/\/www.ilcambiamento.org\/wordpress\/wp-content\/uploads\/2014\/03\/cropped-cropped-cambiamento_logo_GRANDE3-e1747828781946.png\" \/>\n\t\t<meta property=\"og:image:secure_url\" content=\"https:\/\/www.ilcambiamento.org\/wordpress\/wp-content\/uploads\/2014\/03\/cropped-cropped-cambiamento_logo_GRANDE3-e1747828781946.png\" \/>\n\t\t<meta property=\"og:image:width\" content=\"150\" \/>\n\t\t<meta property=\"og:image:height\" content=\"150\" \/>\n\t\t<meta property=\"article:published_time\" content=\"2025-06-24T15:09:21+00:00\" \/>\n\t\t<meta property=\"article:modified_time\" content=\"2025-09-27T12:46:19+00:00\" \/>\n\t\t<meta property=\"article:publisher\" content=\"https:\/\/www.facebook.com\/civicailcambiamento\/\" \/>\n\t\t<meta name=\"twitter:card\" content=\"summary_large_image\" \/>\n\t\t<meta name=\"twitter:title\" content=\"Problema viabilit\u00e0 di Tombolo ed Onara: urgenti le circonvallazioni sud-est di Cittadella e di Onara - CIVICA IL CAMBIAMENTO - Comune di Tombolo (PD)\" \/>\n\t\t<meta name=\"twitter:description\" content=\"La Civica IL CAMBIAMENTO ha presentato formalmente per il Consiglio Comunale di Tombolo una &quot;mozione&quot; sul problema viabilit\u00e0, sui progetti che erano stati studiati e finanziati, le cui risorse economiche sono sparite dal bilancio della Regione Veneto... Il nostro Gruppo, come potete leggere, \u00e8 disponibile a far diventare unitaria la mozione ed \u00e8 quindi disponibile\" \/>\n\t\t<meta name=\"twitter:image\" content=\"https:\/\/www.ilcambiamento.org\/wordpress\/wp-content\/uploads\/2014\/03\/cropped-cropped-cambiamento_logo_GRANDE3-e1747828781946.png\" \/>\n\t\t<script type=\"application\/ld+json\" class=\"aioseo-schema\">\n\t\t\t{\"@context\":\"https:\\\/\\\/schema.org\",\"@graph\":[{\"@type\":\"BlogPosting\",\"@id\":\"https:\\\/\\\/www.ilcambiamento.org\\\/wordpress\\\/problema-viabilita-di-tombolo-ed-onara-urgenti-le-circonvallazioni-sud-est-di-cittadella-e-di-onara\\\/#blogposting\",\"name\":\"Problema viabilit\\u00e0 di Tombolo ed Onara: urgenti le circonvallazioni sud-est di Cittadella e di Onara - CIVICA IL CAMBIAMENTO - Comune di Tombolo (PD)\",\"headline\":\"Problema viabilit\\u00e0 di Tombolo ed Onara: urgenti le circonvallazioni sud-est di Cittadella e di Onara\",\"author\":{\"@id\":\"https:\\\/\\\/www.ilcambiamento.org\\\/wordpress\\\/author\\\/cambiamento\\\/#author\"},\"publisher\":{\"@id\":\"https:\\\/\\\/www.ilcambiamento.org\\\/wordpress\\\/#organization\"},\"image\":{\"@type\":\"ImageObject\",\"url\":\"https:\\\/\\\/i0.wp.com\\\/www.ilcambiamento.org\\\/wordpress\\\/wp-content\\\/uploads\\\/2025\\\/06\\\/Schermata-2025-06-24-alle-16.59.02.png?fit=888%2C1213&ssl=1\",\"width\":888,\"height\":1213},\"datePublished\":\"2025-06-24T17:09:21+02:00\",\"dateModified\":\"2025-09-27T14:46:19+02:00\",\"inLanguage\":\"it-IT\",\"mainEntityOfPage\":{\"@id\":\"https:\\\/\\\/www.ilcambiamento.org\\\/wordpress\\\/problema-viabilita-di-tombolo-ed-onara-urgenti-le-circonvallazioni-sud-est-di-cittadella-e-di-onara\\\/#webpage\"},\"isPartOf\":{\"@id\":\"https:\\\/\\\/www.ilcambiamento.org\\\/wordpress\\\/problema-viabilita-di-tombolo-ed-onara-urgenti-le-circonvallazioni-sud-est-di-cittadella-e-di-onara\\\/#webpage\"},\"articleSection\":\"HOME\"},{\"@type\":\"BreadcrumbList\",\"@id\":\"https:\\\/\\\/www.ilcambiamento.org\\\/wordpress\\\/problema-viabilita-di-tombolo-ed-onara-urgenti-le-circonvallazioni-sud-est-di-cittadella-e-di-onara\\\/#breadcrumblist\",\"itemListElement\":[{\"@type\":\"ListItem\",\"@id\":\"https:\\\/\\\/www.ilcambiamento.org\\\/wordpress#listItem\",\"position\":1,\"name\":\"Home\",\"item\":\"https:\\\/\\\/www.ilcambiamento.org\\\/wordpress\",\"nextItem\":{\"@type\":\"ListItem\",\"@id\":\"https:\\\/\\\/www.ilcambiamento.org\\\/wordpress\\\/category\\\/home\\\/#listItem\",\"name\":\"HOME\"}},{\"@type\":\"ListItem\",\"@id\":\"https:\\\/\\\/www.ilcambiamento.org\\\/wordpress\\\/category\\\/home\\\/#listItem\",\"position\":2,\"name\":\"HOME\",\"item\":\"https:\\\/\\\/www.ilcambiamento.org\\\/wordpress\\\/category\\\/home\\\/\",\"nextItem\":{\"@type\":\"ListItem\",\"@id\":\"https:\\\/\\\/www.ilcambiamento.org\\\/wordpress\\\/problema-viabilita-di-tombolo-ed-onara-urgenti-le-circonvallazioni-sud-est-di-cittadella-e-di-onara\\\/#listItem\",\"name\":\"Problema viabilit\\u00e0 di Tombolo ed Onara: urgenti le circonvallazioni sud-est di Cittadella e di Onara\"},\"previousItem\":{\"@type\":\"ListItem\",\"@id\":\"https:\\\/\\\/www.ilcambiamento.org\\\/wordpress#listItem\",\"name\":\"Home\"}},{\"@type\":\"ListItem\",\"@id\":\"https:\\\/\\\/www.ilcambiamento.org\\\/wordpress\\\/problema-viabilita-di-tombolo-ed-onara-urgenti-le-circonvallazioni-sud-est-di-cittadella-e-di-onara\\\/#listItem\",\"position\":3,\"name\":\"Problema viabilit\\u00e0 di Tombolo ed Onara: urgenti le circonvallazioni sud-est di Cittadella e di Onara\",\"previousItem\":{\"@type\":\"ListItem\",\"@id\":\"https:\\\/\\\/www.ilcambiamento.org\\\/wordpress\\\/category\\\/home\\\/#listItem\",\"name\":\"HOME\"}}]},{\"@type\":\"Organization\",\"@id\":\"https:\\\/\\\/www.ilcambiamento.org\\\/wordpress\\\/#organization\",\"name\":\"CIVICA IL CAMBIAMENTO - Comune di Tombolo (PD)\",\"description\":\"Una vera lista CIVICA per cambiare in meglio Tombolo ed Onara ...\",\"url\":\"https:\\\/\\\/www.ilcambiamento.org\\\/wordpress\\\/\",\"logo\":{\"@type\":\"ImageObject\",\"url\":\"https:\\\/\\\/i0.wp.com\\\/www.ilcambiamento.org\\\/wordpress\\\/wp-content\\\/uploads\\\/2014\\\/03\\\/cropped-cropped-cropped-cambiamento_logo_GRANDE3-e1747828781946.png?fit=150%2C149&ssl=1\",\"@id\":\"https:\\\/\\\/www.ilcambiamento.org\\\/wordpress\\\/problema-viabilita-di-tombolo-ed-onara-urgenti-le-circonvallazioni-sud-est-di-cittadella-e-di-onara\\\/#organizationLogo\",\"width\":150,\"height\":149},\"image\":{\"@id\":\"https:\\\/\\\/www.ilcambiamento.org\\\/wordpress\\\/problema-viabilita-di-tombolo-ed-onara-urgenti-le-circonvallazioni-sud-est-di-cittadella-e-di-onara\\\/#organizationLogo\"},\"sameAs\":[\"https:\\\/\\\/www.facebook.com\\\/civicailcambiamento\\\/\",\"https:\\\/\\\/www.instagram.com\\\/civica_il_cambiamento\\\/\"]},{\"@type\":\"Person\",\"@id\":\"https:\\\/\\\/www.ilcambiamento.org\\\/wordpress\\\/author\\\/cambiamento\\\/#author\",\"url\":\"https:\\\/\\\/www.ilcambiamento.org\\\/wordpress\\\/author\\\/cambiamento\\\/\",\"name\":\"cambiamento\",\"image\":{\"@type\":\"ImageObject\",\"@id\":\"https:\\\/\\\/www.ilcambiamento.org\\\/wordpress\\\/problema-viabilita-di-tombolo-ed-onara-urgenti-le-circonvallazioni-sud-est-di-cittadella-e-di-onara\\\/#authorImage\",\"url\":\"https:\\\/\\\/secure.gravatar.com\\\/avatar\\\/63138d16bdcd1bf80120e192040dbad60999ff237ea29c7fd1528ca692950461?s=96&d=mm&r=g\",\"width\":96,\"height\":96,\"caption\":\"cambiamento\"}},{\"@type\":\"WebPage\",\"@id\":\"https:\\\/\\\/www.ilcambiamento.org\\\/wordpress\\\/problema-viabilita-di-tombolo-ed-onara-urgenti-le-circonvallazioni-sud-est-di-cittadella-e-di-onara\\\/#webpage\",\"url\":\"https:\\\/\\\/www.ilcambiamento.org\\\/wordpress\\\/problema-viabilita-di-tombolo-ed-onara-urgenti-le-circonvallazioni-sud-est-di-cittadella-e-di-onara\\\/\",\"name\":\"Problema viabilit\\u00e0 di Tombolo ed Onara: urgenti le circonvallazioni sud-est di Cittadella e di Onara - CIVICA IL CAMBIAMENTO - Comune di Tombolo (PD)\",\"description\":\"La Civica IL CAMBIAMENTO ha presentato formalmente per il Consiglio Comunale di Tombolo una \\\"mozione\\\" sul problema viabilit\\u00e0, sui progetti che erano stati studiati e finanziati, le cui risorse economiche sono sparite dal bilancio della Regione Veneto... Il nostro Gruppo, come potete leggere, \\u00e8 disponibile a far diventare unitaria la mozione ed \\u00e8 quindi disponibile\",\"inLanguage\":\"it-IT\",\"isPartOf\":{\"@id\":\"https:\\\/\\\/www.ilcambiamento.org\\\/wordpress\\\/#website\"},\"breadcrumb\":{\"@id\":\"https:\\\/\\\/www.ilcambiamento.org\\\/wordpress\\\/problema-viabilita-di-tombolo-ed-onara-urgenti-le-circonvallazioni-sud-est-di-cittadella-e-di-onara\\\/#breadcrumblist\"},\"author\":{\"@id\":\"https:\\\/\\\/www.ilcambiamento.org\\\/wordpress\\\/author\\\/cambiamento\\\/#author\"},\"creator\":{\"@id\":\"https:\\\/\\\/www.ilcambiamento.org\\\/wordpress\\\/author\\\/cambiamento\\\/#author\"},\"image\":{\"@type\":\"ImageObject\",\"url\":\"https:\\\/\\\/i0.wp.com\\\/www.ilcambiamento.org\\\/wordpress\\\/wp-content\\\/uploads\\\/2025\\\/06\\\/Schermata-2025-06-24-alle-16.59.02.png?fit=888%2C1213&ssl=1\",\"@id\":\"https:\\\/\\\/www.ilcambiamento.org\\\/wordpress\\\/problema-viabilita-di-tombolo-ed-onara-urgenti-le-circonvallazioni-sud-est-di-cittadella-e-di-onara\\\/#mainImage\",\"width\":888,\"height\":1213},\"primaryImageOfPage\":{\"@id\":\"https:\\\/\\\/www.ilcambiamento.org\\\/wordpress\\\/problema-viabilita-di-tombolo-ed-onara-urgenti-le-circonvallazioni-sud-est-di-cittadella-e-di-onara\\\/#mainImage\"},\"datePublished\":\"2025-06-24T17:09:21+02:00\",\"dateModified\":\"2025-09-27T14:46:19+02:00\"},{\"@type\":\"WebSite\",\"@id\":\"https:\\\/\\\/www.ilcambiamento.org\\\/wordpress\\\/#website\",\"url\":\"https:\\\/\\\/www.ilcambiamento.org\\\/wordpress\\\/\",\"name\":\"CIVICA IL CAMBIAMENTO - Comune di Tombolo (PD)\",\"description\":\"Una vera lista CIVICA per cambiare in meglio Tombolo ed Onara ...\",\"inLanguage\":\"it-IT\",\"publisher\":{\"@id\":\"https:\\\/\\\/www.ilcambiamento.org\\\/wordpress\\\/#organization\"}}]}\n\t\t<\/script>\n\t\t<!-- All in One SEO -->\n\n","aioseo_head_json":{"title":"Problema viabilit\u00e0 di Tombolo ed Onara: urgenti le circonvallazioni sud-est di Cittadella e di Onara - CIVICA IL CAMBIAMENTO - Comune di Tombolo (PD)","description":"La Civica IL CAMBIAMENTO ha presentato formalmente per il Consiglio Comunale di Tombolo una \"mozione\" sul problema viabilit\u00e0, sui progetti che erano stati studiati e finanziati, le cui risorse economiche sono sparite dal bilancio della Regione Veneto... Il nostro Gruppo, come potete leggere, \u00e8 disponibile a far diventare unitaria la mozione ed \u00e8 quindi disponibile","canonical_url":"https:\/\/www.ilcambiamento.org\/wordpress\/problema-viabilita-di-tombolo-ed-onara-urgenti-le-circonvallazioni-sud-est-di-cittadella-e-di-onara\/","robots":"max-image-preview:large","keywords":"","webmasterTools":{"miscellaneous":""},"schema":{"@context":"https:\/\/schema.org","@graph":[{"@type":"BlogPosting","@id":"https:\/\/www.ilcambiamento.org\/wordpress\/problema-viabilita-di-tombolo-ed-onara-urgenti-le-circonvallazioni-sud-est-di-cittadella-e-di-onara\/#blogposting","name":"Problema viabilit\u00e0 di Tombolo ed Onara: urgenti le circonvallazioni sud-est di Cittadella e di Onara - CIVICA IL CAMBIAMENTO - Comune di Tombolo (PD)","headline":"Problema viabilit\u00e0 di Tombolo ed Onara: urgenti le circonvallazioni sud-est di Cittadella e di Onara","author":{"@id":"https:\/\/www.ilcambiamento.org\/wordpress\/author\/cambiamento\/#author"},"publisher":{"@id":"https:\/\/www.ilcambiamento.org\/wordpress\/#organization"},"image":{"@type":"ImageObject","url":"https:\/\/i0.wp.com\/www.ilcambiamento.org\/wordpress\/wp-content\/uploads\/2025\/06\/Schermata-2025-06-24-alle-16.59.02.png?fit=888%2C1213&ssl=1","width":888,"height":1213},"datePublished":"2025-06-24T17:09:21+02:00","dateModified":"2025-09-27T14:46:19+02:00","inLanguage":"it-IT","mainEntityOfPage":{"@id":"https:\/\/www.ilcambiamento.org\/wordpress\/problema-viabilita-di-tombolo-ed-onara-urgenti-le-circonvallazioni-sud-est-di-cittadella-e-di-onara\/#webpage"},"isPartOf":{"@id":"https:\/\/www.ilcambiamento.org\/wordpress\/problema-viabilita-di-tombolo-ed-onara-urgenti-le-circonvallazioni-sud-est-di-cittadella-e-di-onara\/#webpage"},"articleSection":"HOME"},{"@type":"BreadcrumbList","@id":"https:\/\/www.ilcambiamento.org\/wordpress\/problema-viabilita-di-tombolo-ed-onara-urgenti-le-circonvallazioni-sud-est-di-cittadella-e-di-onara\/#breadcrumblist","itemListElement":[{"@type":"ListItem","@id":"https:\/\/www.ilcambiamento.org\/wordpress#listItem","position":1,"name":"Home","item":"https:\/\/www.ilcambiamento.org\/wordpress","nextItem":{"@type":"ListItem","@id":"https:\/\/www.ilcambiamento.org\/wordpress\/category\/home\/#listItem","name":"HOME"}},{"@type":"ListItem","@id":"https:\/\/www.ilcambiamento.org\/wordpress\/category\/home\/#listItem","position":2,"name":"HOME","item":"https:\/\/www.ilcambiamento.org\/wordpress\/category\/home\/","nextItem":{"@type":"ListItem","@id":"https:\/\/www.ilcambiamento.org\/wordpress\/problema-viabilita-di-tombolo-ed-onara-urgenti-le-circonvallazioni-sud-est-di-cittadella-e-di-onara\/#listItem","name":"Problema viabilit\u00e0 di Tombolo ed Onara: urgenti le circonvallazioni sud-est di Cittadella e di Onara"},"previousItem":{"@type":"ListItem","@id":"https:\/\/www.ilcambiamento.org\/wordpress#listItem","name":"Home"}},{"@type":"ListItem","@id":"https:\/\/www.ilcambiamento.org\/wordpress\/problema-viabilita-di-tombolo-ed-onara-urgenti-le-circonvallazioni-sud-est-di-cittadella-e-di-onara\/#listItem","position":3,"name":"Problema viabilit\u00e0 di Tombolo ed Onara: urgenti le circonvallazioni sud-est di Cittadella e di Onara","previousItem":{"@type":"ListItem","@id":"https:\/\/www.ilcambiamento.org\/wordpress\/category\/home\/#listItem","name":"HOME"}}]},{"@type":"Organization","@id":"https:\/\/www.ilcambiamento.org\/wordpress\/#organization","name":"CIVICA IL CAMBIAMENTO - Comune di Tombolo (PD)","description":"Una vera lista CIVICA per cambiare in meglio Tombolo ed Onara ...","url":"https:\/\/www.ilcambiamento.org\/wordpress\/","logo":{"@type":"ImageObject","url":"https:\/\/i0.wp.com\/www.ilcambiamento.org\/wordpress\/wp-content\/uploads\/2014\/03\/cropped-cropped-cropped-cambiamento_logo_GRANDE3-e1747828781946.png?fit=150%2C149&ssl=1","@id":"https:\/\/www.ilcambiamento.org\/wordpress\/problema-viabilita-di-tombolo-ed-onara-urgenti-le-circonvallazioni-sud-est-di-cittadella-e-di-onara\/#organizationLogo","width":150,"height":149},"image":{"@id":"https:\/\/www.ilcambiamento.org\/wordpress\/problema-viabilita-di-tombolo-ed-onara-urgenti-le-circonvallazioni-sud-est-di-cittadella-e-di-onara\/#organizationLogo"},"sameAs":["https:\/\/www.facebook.com\/civicailcambiamento\/","https:\/\/www.instagram.com\/civica_il_cambiamento\/"]},{"@type":"Person","@id":"https:\/\/www.ilcambiamento.org\/wordpress\/author\/cambiamento\/#author","url":"https:\/\/www.ilcambiamento.org\/wordpress\/author\/cambiamento\/","name":"cambiamento","image":{"@type":"ImageObject","@id":"https:\/\/www.ilcambiamento.org\/wordpress\/problema-viabilita-di-tombolo-ed-onara-urgenti-le-circonvallazioni-sud-est-di-cittadella-e-di-onara\/#authorImage","url":"https:\/\/secure.gravatar.com\/avatar\/63138d16bdcd1bf80120e192040dbad60999ff237ea29c7fd1528ca692950461?s=96&d=mm&r=g","width":96,"height":96,"caption":"cambiamento"}},{"@type":"WebPage","@id":"https:\/\/www.ilcambiamento.org\/wordpress\/problema-viabilita-di-tombolo-ed-onara-urgenti-le-circonvallazioni-sud-est-di-cittadella-e-di-onara\/#webpage","url":"https:\/\/www.ilcambiamento.org\/wordpress\/problema-viabilita-di-tombolo-ed-onara-urgenti-le-circonvallazioni-sud-est-di-cittadella-e-di-onara\/","name":"Problema viabilit\u00e0 di Tombolo ed Onara: urgenti le circonvallazioni sud-est di Cittadella e di Onara - CIVICA IL CAMBIAMENTO - Comune di Tombolo (PD)","description":"La Civica IL CAMBIAMENTO ha presentato formalmente per il Consiglio Comunale di Tombolo una \"mozione\" sul problema viabilit\u00e0, sui progetti che erano stati studiati e finanziati, le cui risorse economiche sono sparite dal bilancio della Regione Veneto... Il nostro Gruppo, come potete leggere, \u00e8 disponibile a far diventare unitaria la mozione ed \u00e8 quindi disponibile","inLanguage":"it-IT","isPartOf":{"@id":"https:\/\/www.ilcambiamento.org\/wordpress\/#website"},"breadcrumb":{"@id":"https:\/\/www.ilcambiamento.org\/wordpress\/problema-viabilita-di-tombolo-ed-onara-urgenti-le-circonvallazioni-sud-est-di-cittadella-e-di-onara\/#breadcrumblist"},"author":{"@id":"https:\/\/www.ilcambiamento.org\/wordpress\/author\/cambiamento\/#author"},"creator":{"@id":"https:\/\/www.ilcambiamento.org\/wordpress\/author\/cambiamento\/#author"},"image":{"@type":"ImageObject","url":"https:\/\/i0.wp.com\/www.ilcambiamento.org\/wordpress\/wp-content\/uploads\/2025\/06\/Schermata-2025-06-24-alle-16.59.02.png?fit=888%2C1213&ssl=1","@id":"https:\/\/www.ilcambiamento.org\/wordpress\/problema-viabilita-di-tombolo-ed-onara-urgenti-le-circonvallazioni-sud-est-di-cittadella-e-di-onara\/#mainImage","width":888,"height":1213},"primaryImageOfPage":{"@id":"https:\/\/www.ilcambiamento.org\/wordpress\/problema-viabilita-di-tombolo-ed-onara-urgenti-le-circonvallazioni-sud-est-di-cittadella-e-di-onara\/#mainImage"},"datePublished":"2025-06-24T17:09:21+02:00","dateModified":"2025-09-27T14:46:19+02:00"},{"@type":"WebSite","@id":"https:\/\/www.ilcambiamento.org\/wordpress\/#website","url":"https:\/\/www.ilcambiamento.org\/wordpress\/","name":"CIVICA IL CAMBIAMENTO - Comune di Tombolo (PD)","description":"Una vera lista CIVICA per cambiare in meglio Tombolo ed Onara ...","inLanguage":"it-IT","publisher":{"@id":"https:\/\/www.ilcambiamento.org\/wordpress\/#organization"}}]},"og:locale":"it_IT","og:site_name":"CIVICA IL CAMBIAMENTO - Comune di Tombolo (PD) - Una vera lista CIVICA per cambiare in meglio Tombolo ed Onara ...","og:type":"article","og:title":"Problema viabilit\u00e0 di Tombolo ed Onara: urgenti le circonvallazioni sud-est di Cittadella e di Onara - CIVICA IL CAMBIAMENTO - Comune di Tombolo (PD)","og:description":"La Civica IL CAMBIAMENTO ha presentato formalmente per il Consiglio Comunale di Tombolo una &quot;mozione&quot; sul problema viabilit\u00e0, sui progetti che erano stati studiati e finanziati, le cui risorse economiche sono sparite dal bilancio della Regione Veneto... Il nostro Gruppo, come potete leggere, \u00e8 disponibile a far diventare unitaria la mozione ed \u00e8 quindi disponibile","og:url":"https:\/\/www.ilcambiamento.org\/wordpress\/problema-viabilita-di-tombolo-ed-onara-urgenti-le-circonvallazioni-sud-est-di-cittadella-e-di-onara\/","og:image":"https:\/\/www.ilcambiamento.org\/wordpress\/wp-content\/uploads\/2014\/03\/cropped-cropped-cambiamento_logo_GRANDE3-e1747828781946.png","og:image:secure_url":"https:\/\/www.ilcambiamento.org\/wordpress\/wp-content\/uploads\/2014\/03\/cropped-cropped-cambiamento_logo_GRANDE3-e1747828781946.png","og:image:width":150,"og:image:height":150,"article:published_time":"2025-06-24T15:09:21+00:00","article:modified_time":"2025-09-27T12:46:19+00:00","article:publisher":"https:\/\/www.facebook.com\/civicailcambiamento\/","twitter:card":"summary_large_image","twitter:title":"Problema viabilit\u00e0 di Tombolo ed Onara: urgenti le circonvallazioni sud-est di Cittadella e di Onara - CIVICA IL CAMBIAMENTO - Comune di Tombolo (PD)","twitter:description":"La Civica IL CAMBIAMENTO ha presentato formalmente per il Consiglio Comunale di Tombolo una &quot;mozione&quot; sul problema viabilit\u00e0, sui progetti che erano stati studiati e finanziati, le cui risorse economiche sono sparite dal bilancio della Regione Veneto... Il nostro Gruppo, come potete leggere, \u00e8 disponibile a far diventare unitaria la mozione ed \u00e8 quindi disponibile","twitter:image":"https:\/\/www.ilcambiamento.org\/wordpress\/wp-content\/uploads\/2014\/03\/cropped-cropped-cambiamento_logo_GRANDE3-e1747828781946.png"},"aioseo_meta_data":{"post_id":"2574","title":null,"description":null,"keywords":null,"keyphrases":null,"primary_term":null,"canonical_url":null,"og_title":null,"og_description":null,"og_object_type":"default","og_image_type":"default","og_image_url":null,"og_image_width":null,"og_image_height":null,"og_image_custom_url":null,"og_image_custom_fields":null,"og_video":null,"og_custom_url":null,"og_article_section":null,"og_article_tags":null,"twitter_use_og":false,"twitter_card":"default","twitter_image_type":"default","twitter_image_url":null,"twitter_image_custom_url":null,"twitter_image_custom_fields":null,"twitter_title":null,"twitter_description":null,"schema":{"blockGraphs":[],"customGraphs":[],"default":{"data":{"Article":[],"Course":[],"Dataset":[],"FAQPage":[],"Movie":[],"Person":[],"Product":[],"ProductReview":[],"Car":[],"Recipe":[],"Service":[],"SoftwareApplication":[],"WebPage":[]},"graphName":"","isEnabled":true},"graphs":[]},"schema_type":"default","schema_type_options":null,"pillar_content":false,"robots_default":true,"robots_noindex":false,"robots_noarchive":false,"robots_nosnippet":false,"robots_nofollow":false,"robots_noimageindex":false,"robots_noodp":false,"robots_notranslate":false,"robots_max_snippet":null,"robots_max_videopreview":null,"robots_max_imagepreview":"large","priority":null,"frequency":null,"local_seo":null,"breadcrumb_settings":null,"limit_modified_date":false,"ai":null,"created":"2025-09-29 11:03:45","updated":"2025-09-29 11:03:45","seo_analyzer_scan_date":null,"focus_keyword":null,"additional_keywords":null,"truseo_locale":null},"aioseo_breadcrumb":"<div class=\"aioseo-breadcrumbs\"><span class=\"aioseo-breadcrumb\">\n\t\t\t<a href=\"https:\/\/www.ilcambiamento.org\/wordpress\" title=\"Home\">Home<\/a>\n\t\t<\/span><span class=\"aioseo-breadcrumb-separator\">&raquo;<\/span><span class=\"aioseo-breadcrumb\">\n\t\t\t<a href=\"https:\/\/www.ilcambiamento.org\/wordpress\/category\/home\/\" title=\"HOME\">HOME<\/a>\n\t\t<\/span><span class=\"aioseo-breadcrumb-separator\">&raquo;<\/span><span class=\"aioseo-breadcrumb\">\n\t\t\tProblema viabilit\u00e0 di Tombolo ed Onara: urgenti le circonvallazioni sud-est di Cittadella e di Onara\n\t\t<\/span><\/div>","aioseo_breadcrumb_json":[{"label":"Home","link":"https:\/\/www.ilcambiamento.org\/wordpress"},{"label":"HOME","link":"https:\/\/www.ilcambiamento.org\/wordpress\/category\/home\/"},{"label":"Problema viabilit\u00e0 di Tombolo ed Onara: urgenti le circonvallazioni sud-est di Cittadella e di Onara","link":"https:\/\/www.ilcambiamento.org\/wordpress\/problema-viabilita-di-tombolo-ed-onara-urgenti-le-circonvallazioni-sud-est-di-cittadella-e-di-onara\/"}],"jetpack_publicize_connections":[],"jetpack_featured_media_url":"https:\/\/i0.wp.com\/www.ilcambiamento.org\/wordpress\/wp-content\/uploads\/2025\/06\/Schermata-2025-06-24-alle-16.59.02.png?fit=888%2C1213&ssl=1","jetpack_shortlink":"https:\/\/wp.me\/p5PPUp-Fw","jetpack_sharing_enabled":true,"_links":{"self":[{"href":"https:\/\/www.ilcambiamento.org\/wordpress\/wp-json\/wp\/v2\/posts\/2574","targetHints":{"allow":["GET"]}}],"collection":[{"href":"https:\/\/www.ilcambiamento.org\/wordpress\/wp-json\/wp\/v2\/posts"}],"about":[{"href":"https:\/\/www.ilcambiamento.org\/wordpress\/wp-json\/wp\/v2\/types\/post"}],"author":[{"embeddable":true,"href":"https:\/\/www.ilcambiamento.org\/wordpress\/wp-json\/wp\/v2\/users\/6"}],"replies":[{"embeddable":true,"href":"https:\/\/www.ilcambiamento.org\/wordpress\/wp-json\/wp\/v2\/comments?post=2574"}],"version-history":[{"count":2,"href":"https:\/\/www.ilcambiamento.org\/wordpress\/wp-json\/wp\/v2\/posts\/2574\/revisions"}],"predecessor-version":[{"id":2586,"href":"https:\/\/www.ilcambiamento.org\/wordpress\/wp-json\/wp\/v2\/posts\/2574\/revisions\/2586"}],"wp:featuredmedia":[{"embeddable":true,"href":"https:\/\/www.ilcambiamento.org\/wordpress\/wp-json\/wp\/v2\/media\/2578"}],"wp:attachment":[{"href":"https:\/\/www.ilcambiamento.org\/wordpress\/wp-json\/wp\/v2\/media?parent=2574"}],"wp:term":[{"taxonomy":"category","embeddable":true,"href":"https:\/\/www.ilcambiamento.org\/wordpress\/wp-json\/wp\/v2\/categories?post=2574"},{"taxonomy":"post_tag","embeddable":true,"href":"https:\/\/www.ilcambiamento.org\/wordpress\/wp-json\/wp\/v2\/tags?post=2574"}],"curies":[{"name":"wp","href":"https:\/\/api.w.org\/{rel}","templated":true}]}}